{"id":8356,"date":"2020-01-28T17:03:12","date_gmt":"2020-01-28T16:03:12","guid":{"rendered":"https:\/\/paradizart.pl\/?p=8356"},"modified":"2020-01-28T17:08:40","modified_gmt":"2020-01-28T16:08:40","slug":"targi-slubne-weselnik-fotorelacja","status":"publish","type":"post","link":"https:\/\/paradizart.pl\/old\/targi-slubne-weselnik-fotorelacja\/","title":{"rendered":"Targi \u015alubne Weselnik &#8211; Fotorelacja"},"content":{"rendered":"<div class=\"fusion-fullwidth fullwidth-box fusion-builder-row-1 nonhundred-percent-fullwidth non-hundred-percent-height-scrolling\" style=\"--awb-border-radius-top-left:0px;--awb-border-radius-top-right:0px;--awb-border-radius-bottom-right:0px;--awb-border-radius-bottom-left:0px;--awb-flex-wrap:wrap;\" ><div class=\"fusion-builder-row fusion-row\"><div class=\"fusion-layout-column fusion_builder_column fusion-builder-column-0 fusion_builder_column_1_1 1_1 fusion-one-full fusion-column-first fusion-column-last\" style=\"--awb-bg-size:cover;--awb-margin-bottom:0px;\"><div class=\"fusion-column-wrapper fusion-flex-column-wrapper-legacy\"><div class=\"fusion-text fusion-text-1\"><p>Targi \u015alub i Wesele \u2013 Fotorelacja<\/p>\n<\/div><div class=\"fusion-text fusion-text-2\"><p>Kolejne targi \u015blubne weselnika, kolejna fotorelacja <span class=\"_5mfr\"><span class=\"_6qdm\">\ud83e\udd70<\/span><\/span>. Jest mi jak zawsze szalenie mi\u0142o, \u017ce mog\u0119 w nich uczestniczy\u0107 jako g\u0142\u00f3wny fotoreporter dla\u00a0<a class=\"profileLink\" href=\"https:\/\/www.facebook.com\/weselnik\/?__tn__=K-R&eid=ARBn0lti0_wi2pgaH4Qss9LqaD72W3qHk4Jo107PmQtxMJvUJknzrVB6-fGzgsNJ1kvIG9VnNKakoEI_&fref=mentions&__xts__%5B0%5D=68.ARDMjZfFo-RT6boBj74dQEmnaEhYOuP8afTR8lH0jrjKb9I5ULrszhzRYIPISg-sdZz7KSddoLl-tVxhLNlhnOQD3VKhYYY0nRI8ENs1WTMLnWHX6YQa_f5a7axFo6WfQc_cOii497av9IAFCuNUzs0mKyrbpnkrbOvRthSIwjyFc60dPd2o4WGyZxBCD4ZeiLLeHemxYFSpk6LGSOb6jeSPBmbbgxyd51YFNo82TZwz6eyoV1nTHx9ysdHsyf67ETpjkUivM5Cu3Nd2RhZUR_-jTUCq7Q4npk9bnu5MNjf5M3OgWkn74JwoDKaeXJUZ2V1Yl7lRH2giYLjUSlh6wzGUnNu8sCwT-hrhXMynOPBMI_1xTkBuL2lnQ8J2oKdn17X6hv5aX25I8ZD3bjEu_y0VeiST0VwvnNm2UU1hPT6fnXyNMOThUlAD8qmVlRMrQA\" data-hovercard=\"\/ajax\/hovercard\/page.php?id=243395429067628&extragetparams=%7B%22__tn__%22%3A%22%2CdK-R-R%22%2C%22eid%22%3A%22ARBn0lti0_wi2pgaH4Qss9LqaD72W3qHk4Jo107PmQtxMJvUJknzrVB6-fGzgsNJ1kvIG9VnNKakoEI_%22%2C%22fref%22%3A%22mentions%22%7D\" data-hovercard-prefer-more-content-show=\"1\">Weselnik \u2013 Targi \u015alub i Wesele Gda\u0144sk\/Gdynia<\/a><br \/>\n<a class=\"profileLink\" href=\"https:\/\/www.facebook.com\/events\/2449878178582911\/?acontext=%7B%22source%22%3A108%2C%22action_history%22%3A%22%5B%7B%5C%22surface%5C%22%3A%5C%22post_page%5C%22%2C%5C%22mechanism%5C%22%3A%5C%22surface%5C%22%2C%5C%22extra_data%5C%22%3A%5B%5D%7D%5D%22%2C%22has_source%22%3Atrue%7D&source=108&action_history=%5B%7B%22surface%22%3A%22post_page%22%2C%22mechanism%22%3A%22surface%22%2C%22extra_data%22%3A%5B%5D%7D%5D&has_source=1&__tn__=K-R&eid=ARDiyYjbo2184YV6su_fKD1SU2UIPouM625a7rLrpjv_DTDOl8ry6z7YbZfMwDAG-cvE4FRVlSv5rd_K&fref=mentions&__xts__%5B0%5D=68.ARDMjZfFo-RT6boBj74dQEmnaEhYOuP8afTR8lH0jrjKb9I5ULrszhzRYIPISg-sdZz7KSddoLl-tVxhLNlhnOQD3VKhYYY0nRI8ENs1WTMLnWHX6YQa_f5a7axFo6WfQc_cOii497av9IAFCuNUzs0mKyrbpnkrbOvRthSIwjyFc60dPd2o4WGyZxBCD4ZeiLLeHemxYFSpk6LGSOb6jeSPBmbbgxyd51YFNo82TZwz6eyoV1nTHx9ysdHsyf67ETpjkUivM5Cu3Nd2RhZUR_-jTUCq7Q4npk9bnu5MNjf5M3OgWkn74JwoDKaeXJUZ2V1Yl7lRH2giYLjUSlh6wzGUnNu8sCwT-hrhXMynOPBMI_1xTkBuL2lnQ8J2oKdn17X6hv5aX25I8ZD3bjEu_y0VeiST0VwvnNm2UU1hPT6fnXyNMOThUlAD8qmVlRMrQA\" data-hovercard=\"\/ajax\/hovercard\/event.php?id=2449878178582911&extragetparams=%7B%22source%22%3A108%2C%22action_history%22%3A%22%5B%7B%5C%22surface%5C%22%3A%5C%22post_page%5C%22%2C%5C%22mechanism%5C%22%3A%5C%22surface%5C%22%2C%5C%22extra_data%5C%22%3A%5B%5D%7D%5D%22%2C%22has_source%22%3Atrue%2C%22__tn__%22%3A%22%2CdK-R-R%22%2C%22eid%22%3A%22ARDiyYjbo2184YV6su_fKD1SU2UIPouM625a7rLrpjv_DTDOl8ry6z7YbZfMwDAG-cvE4FRVlSv5rd_K%22%2C%22fref%22%3A%22mentions%22%7D\" data-hovercard-prefer-more-content-show=\"1\">TARGI \u015alubne Weselnik<\/a>\u00a0<span class=\"_5mfr\"><span class=\"_6qdm\">\ud83d\ude0d<\/span><\/span><span class=\"_5mfr\"><span class=\"_6qdm\">\ud83d\ude01<\/span><\/span><\/p>\n<p>Atmosfera jak zawsze fenomenalna, spotka\u0142am sporo znajomych twarzy i pozna\u0142am nowe super osoby\u00a0<span class=\"_47e3 _5mfr\" title=\"Emotikon heart\"><img decoding=\"async\" class=\"img\" role=\"presentation\" src=\"https:\/\/static.xx.fbcdn.net\/images\/emoji.php\/v9\/t6c\/1\/16\/2764.png\" alt=\"\" width=\"16\" height=\"16\" \/><\/span>. Frekwencja dopisa\u0142a a na odwiedzaj\u0105cych czeka\u0142o sporo atrakcji\u00a0<span class=\"_5mfr\"><span class=\"_6qdm\">\ud83d\ude0a<\/span><\/span>. Konkursy, degustacje, warsztaty, pokazy.. Szale\u0144stwo pozytywnej energii i spory wyb\u00f3r ofert na \u015blub.<\/p>\n<p>Zdj\u0119\u0107 jak zwykle wrzucam du\u017co, by ka\u017cdy m\u00f3g\u0142 wybra\u0107 co\u015b dla siebie.<\/p>\n<p>Przy okazji linkuj\u0119 poprzednie galerie z minionych targ\u00f3w.<\/p>\n<p>Mi\u0142ego ogl\u0105dania i do zobaczenia na nast\u0119pnej edycji!<\/p>\n<p>Olimpia<\/p>\n<\/div><div class=\"fusion-clearfix\"><\/div><\/div><\/div><div class=\"fusion-layout-column fusion_builder_column fusion-builder-column-1 fusion_builder_column_1_4 1_4 fusion-one-fourth fusion-column-first\" style=\"--awb-bg-size:cover;width:25%;width:calc(25% - ( ( 4% + 4% + 4% ) * 0.25 ) );margin-right: 4%;\"><div class=\"fusion-column-wrapper fusion-column-has-shadow fusion-flex-column-wrapper-legacy\"><div class=\"fusion-image-element in-legacy-container\" style=\"--awb-caption-title-font-family:var(--h2_typography-font-family);--awb-caption-title-font-weight:var(--h2_typography-font-weight);--awb-caption-title-font-style:var(--h2_typography-font-style);--awb-caption-title-size:var(--h2_typography-font-size);--awb-caption-title-transform:var(--h2_typography-text-transform);--awb-caption-title-line-height:var(--h2_typography-line-height);--awb-caption-title-letter-spacing:var(--h2_typography-letter-spacing);\"><span class=\" fusion-imageframe imageframe-none imageframe-1 hover-type-none\"><a class=\"fusion-no-lightbox\" href=\"https:\/\/paradizart.pl\/albumy\/weselnik2018\/album\/index.html\" target=\"_blank\" aria-label=\"weselnik2018\" rel=\"noopener noreferrer\"><img decoding=\"async\" width=\"600\" height=\"600\" src=\"https:\/\/paradizart.pl\/wp-content\/uploads\/2020\/01\/weselnik2018.jpg\" alt class=\"img-responsive wp-image-8358\" srcset=\"https:\/\/paradizart.pl\/old\/wp-content\/uploads\/2020\/01\/weselnik2018-200x200.jpg 200w, https:\/\/paradizart.pl\/old\/wp-content\/uploads\/2020\/01\/weselnik2018-400x400.jpg 400w, https:\/\/paradizart.pl\/old\/wp-content\/uploads\/2020\/01\/weselnik2018.jpg 600w\" sizes=\"(max-width: 800px) 100vw, 400px\" \/><\/a><\/span><\/div><div class=\"fusion-clearfix\"><\/div><\/div><\/div><div class=\"fusion-layout-column fusion_builder_column fusion-builder-column-2 fusion_builder_column_1_4 1_4 fusion-one-fourth\" style=\"--awb-bg-size:cover;width:25%;width:calc(25% - ( ( 4% + 4% + 4% ) * 0.25 ) );margin-right: 4%;\"><div class=\"fusion-column-wrapper fusion-column-has-shadow fusion-flex-column-wrapper-legacy\"><div class=\"fusion-image-element in-legacy-container\" style=\"--awb-caption-title-font-family:var(--h2_typography-font-family);--awb-caption-title-font-weight:var(--h2_typography-font-weight);--awb-caption-title-font-style:var(--h2_typography-font-style);--awb-caption-title-size:var(--h2_typography-font-size);--awb-caption-title-transform:var(--h2_typography-text-transform);--awb-caption-title-line-height:var(--h2_typography-line-height);--awb-caption-title-letter-spacing:var(--h2_typography-letter-spacing);\"><span class=\" fusion-imageframe imageframe-none imageframe-2 hover-type-none\"><a class=\"fusion-no-lightbox\" href=\"https:\/\/paradizart.pl\/albumy\/weselnik2019\/album\/index.html\" target=\"_blank\" aria-label=\"weselnik2019\" rel=\"noopener noreferrer\"><img decoding=\"async\" width=\"600\" height=\"600\" src=\"https:\/\/paradizart.pl\/wp-content\/uploads\/2020\/01\/weselnik2019.jpg\" alt class=\"img-responsive wp-image-8359\" srcset=\"https:\/\/paradizart.pl\/old\/wp-content\/uploads\/2020\/01\/weselnik2019-200x200.jpg 200w, https:\/\/paradizart.pl\/old\/wp-content\/uploads\/2020\/01\/weselnik2019-400x400.jpg 400w, https:\/\/paradizart.pl\/old\/wp-content\/uploads\/2020\/01\/weselnik2019.jpg 600w\" sizes=\"(max-width: 800px) 100vw, 400px\" \/><\/a><\/span><\/div><div class=\"fusion-clearfix\"><\/div><\/div><\/div><div class=\"fusion-layout-column fusion_builder_column fusion-builder-column-3 fusion_builder_column_1_4 1_4 fusion-one-fourth\" style=\"--awb-bg-size:cover;width:25%;width:calc(25% - ( ( 4% + 4% + 4% ) * 0.25 ) );margin-right: 4%;\"><div class=\"fusion-column-wrapper fusion-column-has-shadow fusion-flex-column-wrapper-legacy\"><div class=\"fusion-image-element in-legacy-container\" style=\"--awb-caption-title-font-family:var(--h2_typography-font-family);--awb-caption-title-font-weight:var(--h2_typography-font-weight);--awb-caption-title-font-style:var(--h2_typography-font-style);--awb-caption-title-size:var(--h2_typography-font-size);--awb-caption-title-transform:var(--h2_typography-text-transform);--awb-caption-title-line-height:var(--h2_typography-line-height);--awb-caption-title-letter-spacing:var(--h2_typography-letter-spacing);\"><span class=\" fusion-imageframe imageframe-none imageframe-3 hover-type-none\"><a class=\"fusion-no-lightbox\" href=\"https:\/\/paradizart.pl\/albumy\/weselnik2019-2\/album\/index.html\" target=\"_blank\" aria-label=\"weselnik2019-2\" rel=\"noopener noreferrer\"><img decoding=\"async\" width=\"600\" height=\"600\" src=\"https:\/\/paradizart.pl\/wp-content\/uploads\/2020\/01\/weselnik2019-2.jpg\" alt class=\"img-responsive wp-image-8360\" srcset=\"https:\/\/paradizart.pl\/old\/wp-content\/uploads\/2020\/01\/weselnik2019-2-200x200.jpg 200w, https:\/\/paradizart.pl\/old\/wp-content\/uploads\/2020\/01\/weselnik2019-2-400x400.jpg 400w, https:\/\/paradizart.pl\/old\/wp-content\/uploads\/2020\/01\/weselnik2019-2.jpg 600w\" sizes=\"(max-width: 800px) 100vw, 400px\" \/><\/a><\/span><\/div><div class=\"fusion-clearfix\"><\/div><\/div><\/div><div class=\"fusion-layout-column fusion_builder_column fusion-builder-column-4 fusion_builder_column_1_4 1_4 fusion-one-fourth fusion-column-last\" style=\"--awb-bg-size:cover;width:25%;width:calc(25% - ( ( 4% + 4% + 4% ) * 0.25 ) );\"><div class=\"fusion-column-wrapper fusion-column-has-shadow fusion-flex-column-wrapper-legacy\"><div class=\"fusion-image-element in-legacy-container\" style=\"--awb-caption-title-font-family:var(--h2_typography-font-family);--awb-caption-title-font-weight:var(--h2_typography-font-weight);--awb-caption-title-font-style:var(--h2_typography-font-style);--awb-caption-title-size:var(--h2_typography-font-size);--awb-caption-title-transform:var(--h2_typography-text-transform);--awb-caption-title-line-height:var(--h2_typography-line-height);--awb-caption-title-letter-spacing:var(--h2_typography-letter-spacing);\"><span class=\" fusion-imageframe imageframe-none imageframe-4 hover-type-none\"><a class=\"fusion-no-lightbox\" href=\"https:\/\/paradizart.pl\/albumy\/weselnik2020\/album\/index.html\" target=\"_blank\" aria-label=\"weselnik2020\" rel=\"noopener noreferrer\"><img decoding=\"async\" width=\"600\" height=\"600\" src=\"https:\/\/paradizart.pl\/wp-content\/uploads\/2020\/01\/weselnik2020.jpg\" alt class=\"img-responsive wp-image-8361\" srcset=\"https:\/\/paradizart.pl\/old\/wp-content\/uploads\/2020\/01\/weselnik2020-200x200.jpg 200w, https:\/\/paradizart.pl\/old\/wp-content\/uploads\/2020\/01\/weselnik2020-400x400.jpg 400w, https:\/\/paradizart.pl\/old\/wp-content\/uploads\/2020\/01\/weselnik2020.jpg 600w\" sizes=\"(max-width: 800px) 100vw, 400px\" \/><\/a><\/span><\/div><div class=\"fusion-clearfix\"><\/div><\/div><\/div><\/div><\/div>\n","protected":false},"excerpt":{"rendered":"","protected":false},"author":1,"featured_media":8364,"comment_status":"open","ping_status":"open","sticky":false,"template":"","format":"standard","meta":{"om_disable_all_campaigns":false,"_monsterinsights_skip_tracking":false,"_uf_show_specific_survey":0,"_uf_disable_surveys":false,"footnotes":""},"categories":[1],"tags":[],"class_list":["post-8356","post","type-post","status-publish","format-standard","has-post-thumbnail","hentry","category-bez-kategorii"],"aioseo_notices":[],"aioseo_head":"\n\t\t<!-- All in One SEO 5.0.1.1 - aioseo.com -->\n\t<meta name=\"description\" content=\"Targi \u015alub i Wesele \u2013 Fotorelacja Kolejne targi \u015blubne weselnika, kolejna fotorelacja \ud83e\udd70. Jest mi jak zawsze szalenie mi\u0142o, \u017ce mog\u0119 w nich uczestniczy\u0107 jako g\u0142\u00f3wny fotoreporter dla Weselnik \u2013 Targi \u015alub i Wesele Gda\u0144sk\/Gdynia TARGI \u015alubne Weselnik \ud83d\ude0d\ud83d\ude01 Atmosfera jak zawsze fenomenalna, spotka\u0142am sporo znajomych twarzy i pozna\u0142am nowe super osoby . Frekwencja dopisa\u0142a a na odwiedzaj\u0105cych\" \/>\n\t<meta name=\"robots\" content=\"max-image-preview:large\" \/>\n\t<meta name=\"author\" content=\"admin\"\/>\n\t<link rel=\"canonical\" href=\"https:\/\/paradizart.pl\/old\/targi-slubne-weselnik-fotorelacja\/\" \/>\n\t<meta name=\"generator\" content=\"All in One SEO (AIOSEO) 5.0.1.1\" \/>\n\t\t<meta property=\"og:locale\" content=\"pl_PL\" \/>\n\t\t<meta property=\"og:site_name\" content=\"Paradiz Art \u2013 Studio Wizerunku - Portrety biznesowe, strony internetowe i identyfikacja wizualna \u2014 Tr\u00f3jmiasto\" \/>\n\t\t<meta property=\"og:type\" content=\"article\" \/>\n\t\t<meta property=\"og:title\" content=\"Targi \u015alubne Weselnik \u2013 Fotorelacja - Paradiz Art \u2013 Studio Wizerunku\" \/>\n\t\t<meta property=\"og:description\" content=\"Targi \u015alub i Wesele \u2013 Fotorelacja Kolejne targi \u015blubne weselnika, kolejna fotorelacja \ud83e\udd70. Jest mi jak zawsze szalenie mi\u0142o, \u017ce mog\u0119 w nich uczestniczy\u0107 jako g\u0142\u00f3wny fotoreporter dla Weselnik \u2013 Targi \u015alub i Wesele Gda\u0144sk\/Gdynia TARGI \u015alubne Weselnik \ud83d\ude0d\ud83d\ude01 Atmosfera jak zawsze fenomenalna, spotka\u0142am sporo znajomych twarzy i pozna\u0142am nowe super osoby . Frekwencja dopisa\u0142a a na odwiedzaj\u0105cych\" \/>\n\t\t<meta property=\"og:url\" content=\"https:\/\/paradizart.pl\/old\/targi-slubne-weselnik-fotorelacja\/\" \/>\n\t\t<meta property=\"og:image\" content=\"https:\/\/paradizart.pl\/wp-content\/uploads\/2026\/06\/og-paradizart-final.png\" \/>\n\t\t<meta property=\"og:image:secure_url\" content=\"https:\/\/paradizart.pl\/wp-content\/uploads\/2026\/06\/og-paradizart-final.png\" \/>\n\t\t<meta property=\"article:published_time\" content=\"2020-01-28T16:03:12+00:00\" \/>\n\t\t<meta property=\"article:modified_time\" content=\"2020-01-28T16:08:40+00:00\" \/>\n\t\t<meta name=\"twitter:card\" content=\"summary_large_image\" \/>\n\t\t<meta name=\"twitter:title\" content=\"Targi \u015alubne Weselnik \u2013 Fotorelacja - Paradiz Art \u2013 Studio Wizerunku\" \/>\n\t\t<meta name=\"twitter:description\" content=\"Targi \u015alub i Wesele \u2013 Fotorelacja Kolejne targi \u015blubne weselnika, kolejna fotorelacja \ud83e\udd70. Jest mi jak zawsze szalenie mi\u0142o, \u017ce mog\u0119 w nich uczestniczy\u0107 jako g\u0142\u00f3wny fotoreporter dla Weselnik \u2013 Targi \u015alub i Wesele Gda\u0144sk\/Gdynia TARGI \u015alubne Weselnik \ud83d\ude0d\ud83d\ude01 Atmosfera jak zawsze fenomenalna, spotka\u0142am sporo znajomych twarzy i pozna\u0142am nowe super osoby . Frekwencja dopisa\u0142a a na odwiedzaj\u0105cych\" \/>\n\t\t<meta name=\"twitter:image\" content=\"https:\/\/paradizart.pl\/wp-content\/uploads\/2026\/06\/og-paradizart-final.png\" \/>\n\t\t<script type=\"application\/ld+json\" class=\"aioseo-schema\">\n\t\t\t{\"@context\":\"https:\\\/\\\/schema.org\",\"@graph\":[{\"@type\":\"BlogPosting\",\"@id\":\"https:\\\/\\\/paradizart.pl\\\/old\\\/targi-slubne-weselnik-fotorelacja\\\/#blogposting\",\"name\":\"Targi \\u015alubne Weselnik \\u2013 Fotorelacja - Paradiz Art \\u2013 Studio Wizerunku\",\"headline\":\"Targi \\u015alubne Weselnik &#8211; Fotorelacja\",\"author\":{\"@id\":\"https:\\\/\\\/paradizart.pl\\\/old\\\/author\\\/admin\\\/#author\"},\"publisher\":{\"@id\":\"https:\\\/\\\/paradizart.pl\\\/old\\\/#organization\"},\"image\":{\"@type\":\"ImageObject\",\"url\":\"https:\\\/\\\/paradizart.pl\\\/old\\\/wp-content\\\/uploads\\\/2020\\\/01\\\/IMG_9999am.jpg\",\"width\":1600,\"height\":1067},\"datePublished\":\"2020-01-28T17:03:12+01:00\",\"dateModified\":\"2020-01-28T17:08:40+01:00\",\"inLanguage\":\"pl-PL\",\"mainEntityOfPage\":{\"@id\":\"https:\\\/\\\/paradizart.pl\\\/old\\\/targi-slubne-weselnik-fotorelacja\\\/#webpage\"},\"isPartOf\":{\"@id\":\"https:\\\/\\\/paradizart.pl\\\/old\\\/targi-slubne-weselnik-fotorelacja\\\/#webpage\"},\"articleSection\":\"Bez kategorii\"},{\"@type\":\"BreadcrumbList\",\"@id\":\"https:\\\/\\\/paradizart.pl\\\/old\\\/targi-slubne-weselnik-fotorelacja\\\/#breadcrumblist\",\"itemListElement\":[{\"@type\":\"ListItem\",\"@id\":\"https:\\\/\\\/paradizart.pl\\\/old#listItem\",\"position\":1,\"name\":\"Home\",\"item\":\"https:\\\/\\\/paradizart.pl\\\/old\",\"nextItem\":{\"@type\":\"ListItem\",\"@id\":\"https:\\\/\\\/paradizart.pl\\\/old\\\/category\\\/bez-kategorii\\\/#listItem\",\"name\":\"Bez kategorii\"}},{\"@type\":\"ListItem\",\"@id\":\"https:\\\/\\\/paradizart.pl\\\/old\\\/category\\\/bez-kategorii\\\/#listItem\",\"position\":2,\"name\":\"Bez kategorii\",\"item\":\"https:\\\/\\\/paradizart.pl\\\/old\\\/category\\\/bez-kategorii\\\/\",\"nextItem\":{\"@type\":\"ListItem\",\"@id\":\"https:\\\/\\\/paradizart.pl\\\/old\\\/targi-slubne-weselnik-fotorelacja\\\/#listItem\",\"name\":\"Targi \\u015alubne Weselnik &#8211; Fotorelacja\"},\"previousItem\":{\"@type\":\"ListItem\",\"@id\":\"https:\\\/\\\/paradizart.pl\\\/old#listItem\",\"name\":\"Home\"}},{\"@type\":\"ListItem\",\"@id\":\"https:\\\/\\\/paradizart.pl\\\/old\\\/targi-slubne-weselnik-fotorelacja\\\/#listItem\",\"position\":3,\"name\":\"Targi \\u015alubne Weselnik &#8211; Fotorelacja\",\"previousItem\":{\"@type\":\"ListItem\",\"@id\":\"https:\\\/\\\/paradizart.pl\\\/old\\\/category\\\/bez-kategorii\\\/#listItem\",\"name\":\"Bez kategorii\"}}]},{\"@type\":\"Organization\",\"@id\":\"https:\\\/\\\/paradizart.pl\\\/old\\\/#organization\",\"name\":\"Paradiz Art \\u2013 Studio Wizerunku\",\"description\":\"Portrety biznesowe, strony internetowe i identyfikacja wizualna \\u2014 Tr\\u00f3jmiasto\",\"url\":\"https:\\\/\\\/paradizart.pl\\\/old\\\/\"},{\"@type\":\"Person\",\"@id\":\"https:\\\/\\\/paradizart.pl\\\/old\\\/author\\\/admin\\\/#author\",\"url\":\"https:\\\/\\\/paradizart.pl\\\/old\\\/author\\\/admin\\\/\",\"name\":\"admin\",\"image\":{\"@type\":\"ImageObject\",\"@id\":\"https:\\\/\\\/paradizart.pl\\\/old\\\/targi-slubne-weselnik-fotorelacja\\\/#authorImage\",\"url\":\"https:\\\/\\\/paradizart.pl\\\/old\\\/wp-content\\\/litespeed\\\/avatar\\\/a8d59aee4cb92098e5de0061ea5643ba.jpg?ver=1787783146\",\"width\":96,\"height\":96,\"caption\":\"admin\"}},{\"@type\":\"WebPage\",\"@id\":\"https:\\\/\\\/paradizart.pl\\\/old\\\/targi-slubne-weselnik-fotorelacja\\\/#webpage\",\"url\":\"https:\\\/\\\/paradizart.pl\\\/old\\\/targi-slubne-weselnik-fotorelacja\\\/\",\"name\":\"Targi \\u015alubne Weselnik \\u2013 Fotorelacja - Paradiz Art \\u2013 Studio Wizerunku\",\"description\":\"Targi \\u015alub i Wesele \\u2013 Fotorelacja Kolejne targi \\u015blubne weselnika, kolejna fotorelacja \\ud83e\\udd70. Jest mi jak zawsze szalenie mi\\u0142o, \\u017ce mog\\u0119 w nich uczestniczy\\u0107 jako g\\u0142\\u00f3wny fotoreporter dla Weselnik \\u2013 Targi \\u015alub i Wesele Gda\\u0144sk\\\/Gdynia TARGI \\u015alubne Weselnik \\ud83d\\ude0d\\ud83d\\ude01 Atmosfera jak zawsze fenomenalna, spotka\\u0142am sporo znajomych twarzy i pozna\\u0142am nowe super osoby . Frekwencja dopisa\\u0142a a na odwiedzaj\\u0105cych\",\"inLanguage\":\"pl-PL\",\"isPartOf\":{\"@id\":\"https:\\\/\\\/paradizart.pl\\\/old\\\/#website\"},\"breadcrumb\":{\"@id\":\"https:\\\/\\\/paradizart.pl\\\/old\\\/targi-slubne-weselnik-fotorelacja\\\/#breadcrumblist\"},\"author\":{\"@id\":\"https:\\\/\\\/paradizart.pl\\\/old\\\/author\\\/admin\\\/#author\"},\"creator\":{\"@id\":\"https:\\\/\\\/paradizart.pl\\\/old\\\/author\\\/admin\\\/#author\"},\"image\":{\"@type\":\"ImageObject\",\"url\":\"https:\\\/\\\/paradizart.pl\\\/old\\\/wp-content\\\/uploads\\\/2020\\\/01\\\/IMG_9999am.jpg\",\"@id\":\"https:\\\/\\\/paradizart.pl\\\/old\\\/targi-slubne-weselnik-fotorelacja\\\/#mainImage\",\"width\":1600,\"height\":1067},\"primaryImageOfPage\":{\"@id\":\"https:\\\/\\\/paradizart.pl\\\/old\\\/targi-slubne-weselnik-fotorelacja\\\/#mainImage\"},\"datePublished\":\"2020-01-28T17:03:12+01:00\",\"dateModified\":\"2020-01-28T17:08:40+01:00\"},{\"@type\":\"WebSite\",\"@id\":\"https:\\\/\\\/paradizart.pl\\\/old\\\/#website\",\"url\":\"https:\\\/\\\/paradizart.pl\\\/old\\\/\",\"name\":\"Paradiz Art \\u2013 Studio Wizerunku\",\"description\":\"Portrety biznesowe, strony internetowe i identyfikacja wizualna \\u2014 Tr\\u00f3jmiasto\",\"inLanguage\":\"pl-PL\",\"publisher\":{\"@id\":\"https:\\\/\\\/paradizart.pl\\\/old\\\/#organization\"}}]}\n\t\t<\/script>\n\t\t<!-- All in One SEO -->\n\n","aioseo_head_json":{"title":"Targi \u015alubne Weselnik \u2013 Fotorelacja - Paradiz Art \u2013 Studio Wizerunku","description":"Targi \u015alub i Wesele \u2013 Fotorelacja Kolejne targi \u015blubne weselnika, kolejna fotorelacja \ud83e\udd70. Jest mi jak zawsze szalenie mi\u0142o, \u017ce mog\u0119 w nich uczestniczy\u0107 jako g\u0142\u00f3wny fotoreporter dla Weselnik \u2013 Targi \u015alub i Wesele Gda\u0144sk\/Gdynia TARGI \u015alubne Weselnik \ud83d\ude0d\ud83d\ude01 Atmosfera jak zawsze fenomenalna, spotka\u0142am sporo znajomych twarzy i pozna\u0142am nowe super osoby . Frekwencja dopisa\u0142a a na odwiedzaj\u0105cych","canonical_url":"https:\/\/paradizart.pl\/old\/targi-slubne-weselnik-fotorelacja\/","robots":"max-image-preview:large","keywords":"","webmasterTools":{"miscellaneous":""},"schema":{"@context":"https:\/\/schema.org","@graph":[{"@type":"BlogPosting","@id":"https:\/\/paradizart.pl\/old\/targi-slubne-weselnik-fotorelacja\/#blogposting","name":"Targi \u015alubne Weselnik \u2013 Fotorelacja - Paradiz Art \u2013 Studio Wizerunku","headline":"Targi \u015alubne Weselnik &#8211; Fotorelacja","author":{"@id":"https:\/\/paradizart.pl\/old\/author\/admin\/#author"},"publisher":{"@id":"https:\/\/paradizart.pl\/old\/#organization"},"image":{"@type":"ImageObject","url":"https:\/\/paradizart.pl\/old\/wp-content\/uploads\/2020\/01\/IMG_9999am.jpg","width":1600,"height":1067},"datePublished":"2020-01-28T17:03:12+01:00","dateModified":"2020-01-28T17:08:40+01:00","inLanguage":"pl-PL","mainEntityOfPage":{"@id":"https:\/\/paradizart.pl\/old\/targi-slubne-weselnik-fotorelacja\/#webpage"},"isPartOf":{"@id":"https:\/\/paradizart.pl\/old\/targi-slubne-weselnik-fotorelacja\/#webpage"},"articleSection":"Bez kategorii"},{"@type":"BreadcrumbList","@id":"https:\/\/paradizart.pl\/old\/targi-slubne-weselnik-fotorelacja\/#breadcrumblist","itemListElement":[{"@type":"ListItem","@id":"https:\/\/paradizart.pl\/old#listItem","position":1,"name":"Home","item":"https:\/\/paradizart.pl\/old","nextItem":{"@type":"ListItem","@id":"https:\/\/paradizart.pl\/old\/category\/bez-kategorii\/#listItem","name":"Bez kategorii"}},{"@type":"ListItem","@id":"https:\/\/paradizart.pl\/old\/category\/bez-kategorii\/#listItem","position":2,"name":"Bez kategorii","item":"https:\/\/paradizart.pl\/old\/category\/bez-kategorii\/","nextItem":{"@type":"ListItem","@id":"https:\/\/paradizart.pl\/old\/targi-slubne-weselnik-fotorelacja\/#listItem","name":"Targi \u015alubne Weselnik &#8211; Fotorelacja"},"previousItem":{"@type":"ListItem","@id":"https:\/\/paradizart.pl\/old#listItem","name":"Home"}},{"@type":"ListItem","@id":"https:\/\/paradizart.pl\/old\/targi-slubne-weselnik-fotorelacja\/#listItem","position":3,"name":"Targi \u015alubne Weselnik &#8211; Fotorelacja","previousItem":{"@type":"ListItem","@id":"https:\/\/paradizart.pl\/old\/category\/bez-kategorii\/#listItem","name":"Bez kategorii"}}]},{"@type":"Organization","@id":"https:\/\/paradizart.pl\/old\/#organization","name":"Paradiz Art \u2013 Studio Wizerunku","description":"Portrety biznesowe, strony internetowe i identyfikacja wizualna \u2014 Tr\u00f3jmiasto","url":"https:\/\/paradizart.pl\/old\/"},{"@type":"Person","@id":"https:\/\/paradizart.pl\/old\/author\/admin\/#author","url":"https:\/\/paradizart.pl\/old\/author\/admin\/","name":"admin","image":{"@type":"ImageObject","@id":"https:\/\/paradizart.pl\/old\/targi-slubne-weselnik-fotorelacja\/#authorImage","url":"https:\/\/paradizart.pl\/old\/wp-content\/litespeed\/avatar\/a8d59aee4cb92098e5de0061ea5643ba.jpg?ver=1787783146","width":96,"height":96,"caption":"admin"}},{"@type":"WebPage","@id":"https:\/\/paradizart.pl\/old\/targi-slubne-weselnik-fotorelacja\/#webpage","url":"https:\/\/paradizart.pl\/old\/targi-slubne-weselnik-fotorelacja\/","name":"Targi \u015alubne Weselnik \u2013 Fotorelacja - Paradiz Art \u2013 Studio Wizerunku","description":"Targi \u015alub i Wesele \u2013 Fotorelacja Kolejne targi \u015blubne weselnika, kolejna fotorelacja \ud83e\udd70. Jest mi jak zawsze szalenie mi\u0142o, \u017ce mog\u0119 w nich uczestniczy\u0107 jako g\u0142\u00f3wny fotoreporter dla Weselnik \u2013 Targi \u015alub i Wesele Gda\u0144sk\/Gdynia TARGI \u015alubne Weselnik \ud83d\ude0d\ud83d\ude01 Atmosfera jak zawsze fenomenalna, spotka\u0142am sporo znajomych twarzy i pozna\u0142am nowe super osoby . Frekwencja dopisa\u0142a a na odwiedzaj\u0105cych","inLanguage":"pl-PL","isPartOf":{"@id":"https:\/\/paradizart.pl\/old\/#website"},"breadcrumb":{"@id":"https:\/\/paradizart.pl\/old\/targi-slubne-weselnik-fotorelacja\/#breadcrumblist"},"author":{"@id":"https:\/\/paradizart.pl\/old\/author\/admin\/#author"},"creator":{"@id":"https:\/\/paradizart.pl\/old\/author\/admin\/#author"},"image":{"@type":"ImageObject","url":"https:\/\/paradizart.pl\/old\/wp-content\/uploads\/2020\/01\/IMG_9999am.jpg","@id":"https:\/\/paradizart.pl\/old\/targi-slubne-weselnik-fotorelacja\/#mainImage","width":1600,"height":1067},"primaryImageOfPage":{"@id":"https:\/\/paradizart.pl\/old\/targi-slubne-weselnik-fotorelacja\/#mainImage"},"datePublished":"2020-01-28T17:03:12+01:00","dateModified":"2020-01-28T17:08:40+01:00"},{"@type":"WebSite","@id":"https:\/\/paradizart.pl\/old\/#website","url":"https:\/\/paradizart.pl\/old\/","name":"Paradiz Art \u2013 Studio Wizerunku","description":"Portrety biznesowe, strony internetowe i identyfikacja wizualna \u2014 Tr\u00f3jmiasto","inLanguage":"pl-PL","publisher":{"@id":"https:\/\/paradizart.pl\/old\/#organization"}}]},"og:locale":"pl_PL","og:site_name":"Paradiz Art \u2013 Studio Wizerunku - Portrety biznesowe, strony internetowe i identyfikacja wizualna \u2014 Tr\u00f3jmiasto","og:type":"article","og:title":"Targi \u015alubne Weselnik \u2013 Fotorelacja - Paradiz Art \u2013 Studio Wizerunku","og:description":"Targi \u015alub i Wesele \u2013 Fotorelacja Kolejne targi \u015blubne weselnika, kolejna fotorelacja \ud83e\udd70. Jest mi jak zawsze szalenie mi\u0142o, \u017ce mog\u0119 w nich uczestniczy\u0107 jako g\u0142\u00f3wny fotoreporter dla Weselnik \u2013 Targi \u015alub i Wesele Gda\u0144sk\/Gdynia TARGI \u015alubne Weselnik \ud83d\ude0d\ud83d\ude01 Atmosfera jak zawsze fenomenalna, spotka\u0142am sporo znajomych twarzy i pozna\u0142am nowe super osoby . Frekwencja dopisa\u0142a a na odwiedzaj\u0105cych","og:url":"https:\/\/paradizart.pl\/old\/targi-slubne-weselnik-fotorelacja\/","og:image":"https:\/\/paradizart.pl\/wp-content\/uploads\/2026\/06\/og-paradizart-final.png","og:image:secure_url":"https:\/\/paradizart.pl\/wp-content\/uploads\/2026\/06\/og-paradizart-final.png","article:published_time":"2020-01-28T16:03:12+00:00","article:modified_time":"2020-01-28T16:08:40+00:00","twitter:card":"summary_large_image","twitter:title":"Targi \u015alubne Weselnik \u2013 Fotorelacja - Paradiz Art \u2013 Studio Wizerunku","twitter:description":"Targi \u015alub i Wesele \u2013 Fotorelacja Kolejne targi \u015blubne weselnika, kolejna fotorelacja \ud83e\udd70. Jest mi jak zawsze szalenie mi\u0142o, \u017ce mog\u0119 w nich uczestniczy\u0107 jako g\u0142\u00f3wny fotoreporter dla Weselnik \u2013 Targi \u015alub i Wesele Gda\u0144sk\/Gdynia TARGI \u015alubne Weselnik \ud83d\ude0d\ud83d\ude01 Atmosfera jak zawsze fenomenalna, spotka\u0142am sporo znajomych twarzy i pozna\u0142am nowe super osoby . Frekwencja dopisa\u0142a a na odwiedzaj\u0105cych","twitter:image":"https:\/\/paradizart.pl\/wp-content\/uploads\/2026\/06\/og-paradizart-final.png"},"aioseo_meta_data":{"post_id":"8356","title":null,"description":null,"keywords":null,"keyphrases":null,"primary_term":null,"canonical_url":null,"og_title":null,"og_description":null,"og_object_type":"default","og_image_type":"default","og_image_url":null,"og_image_width":null,"og_image_height":null,"og_image_custom_url":null,"og_image_custom_fields":null,"og_video":null,"og_custom_url":null,"og_article_section":null,"og_article_tags":null,"twitter_use_og":false,"twitter_card":"default","twitter_image_type":"default","twitter_image_url":null,"twitter_image_custom_url":null,"twitter_image_custom_fields":null,"twitter_title":null,"twitter_description":null,"schema":{"blockGraphs":[],"customGraphs":[],"default":{"data":{"Article":[],"Course":[],"Dataset":[],"FAQPage":[],"Movie":[],"Person":[],"Product":[],"ProductReview":[],"Car":[],"Recipe":[],"Service":[],"SoftwareApplication":[],"WebPage":[]},"graphName":"","isEnabled":true},"graphs":[]},"schema_type":"default","schema_type_options":null,"pillar_content":false,"robots_default":true,"robots_noindex":false,"robots_noarchive":false,"robots_nosnippet":false,"robots_nofollow":false,"robots_noimageindex":false,"robots_noodp":false,"robots_notranslate":false,"robots_max_snippet":null,"robots_max_videopreview":null,"robots_max_imagepreview":"large","priority":null,"frequency":null,"local_seo":null,"breadcrumb_settings":null,"limit_modified_date":false,"ai":null,"created":"2025-01-12 20:39:54","updated":"2025-08-26 18:01:35","seo_analyzer_scan_date":null,"focus_keyword":null,"additional_keywords":null,"truseo_locale":null},"aioseo_breadcrumb":"<div class=\"aioseo-breadcrumbs\"><span class=\"aioseo-breadcrumb\">\n\t\t\t<a href=\"https:\/\/paradizart.pl\/old\" title=\"Home\">Home<\/a>\n\t\t<\/span><span class=\"aioseo-breadcrumb-separator\">&raquo;<\/span><span class=\"aioseo-breadcrumb\">\n\t\t\t<a href=\"https:\/\/paradizart.pl\/old\/category\/bez-kategorii\/\" title=\"Bez kategorii\">Bez kategorii<\/a>\n\t\t<\/span><span class=\"aioseo-breadcrumb-separator\">&raquo;<\/span><span class=\"aioseo-breadcrumb\">\n\t\t\tTargi \u015alubne Weselnik \u2013 Fotorelacja\n\t\t<\/span><\/div>","aioseo_breadcrumb_json":[{"label":"Home","link":"https:\/\/paradizart.pl\/old"},{"label":"Bez kategorii","link":"https:\/\/paradizart.pl\/old\/category\/bez-kategorii\/"},{"label":"Targi \u015alubne Weselnik &#8211; Fotorelacja","link":"https:\/\/paradizart.pl\/old\/targi-slubne-weselnik-fotorelacja\/"}],"_links":{"self":[{"href":"https:\/\/paradizart.pl\/old\/wp-json\/wp\/v2\/posts\/8356","targetHints":{"allow":["GET"]}}],"collection":[{"href":"https:\/\/paradizart.pl\/old\/wp-json\/wp\/v2\/posts"}],"about":[{"href":"https:\/\/paradizart.pl\/old\/wp-json\/wp\/v2\/types\/post"}],"author":[{"embeddable":true,"href":"https:\/\/paradizart.pl\/old\/wp-json\/wp\/v2\/users\/1"}],"replies":[{"embeddable":true,"href":"https:\/\/paradizart.pl\/old\/wp-json\/wp\/v2\/comments?post=8356"}],"version-history":[{"count":5,"href":"https:\/\/paradizart.pl\/old\/wp-json\/wp\/v2\/posts\/8356\/revisions"}],"predecessor-version":[{"id":8366,"href":"https:\/\/paradizart.pl\/old\/wp-json\/wp\/v2\/posts\/8356\/revisions\/8366"}],"wp:featuredmedia":[{"embeddable":true,"href":"https:\/\/paradizart.pl\/old\/wp-json\/wp\/v2\/media\/8364"}],"wp:attachment":[{"href":"https:\/\/paradizart.pl\/old\/wp-json\/wp\/v2\/media?parent=8356"}],"wp:term":[{"taxonomy":"category","embeddable":true,"href":"https:\/\/paradizart.pl\/old\/wp-json\/wp\/v2\/categories?post=8356"},{"taxonomy":"post_tag","embeddable":true,"href":"https:\/\/paradizart.pl\/old\/wp-json\/wp\/v2\/tags?post=8356"}],"curies":[{"name":"wp","href":"https:\/\/api.w.org\/{rel}","templated":true}]}}